{"id":3908,"date":"2019-10-29T09:47:25","date_gmt":"2019-10-29T08:47:25","guid":{"rendered":"https:\/\/www.galeriedil.fr\/?p=3908"},"modified":"2021-12-22T20:25:18","modified_gmt":"2021-12-22T19:25:18","slug":"exposition-hans-hartung","status":"publish","type":"post","link":"https:\/\/www.galeriedil.fr\/en\/2019\/10\/29\/exposition-hans-hartung\/","title":{"rendered":"Hans Hartung: La fabrique du geste"},"content":{"rendered":"<div data-elementor-type=\"wp-post\" data-elementor-id=\"3908\" class=\"elementor elementor-3908\">\n\t\t\t\t\t\t\t\t\t<section class=\"elementor-section elementor-top-section elementor-element elementor-element-25d18a8 elementor-section-boxed elementor-section-height-default elementor-section-height-default\" data-id=\"25d18a8\" data-element_type=\"section\">\n\t\t\t\t\t\t<div class=\"elementor-container elementor-column-gap-default\">\n\t\t\t\t\t<div class=\"elementor-column elementor-col-100 elementor-top-column elementor-element elementor-element-3455878\" data-id=\"3455878\" data-element_type=\"column\">\n\t\t\t<div class=\"elementor-widget-wrap elementor-element-populated\">\n\t\t\t\t\t\t\t\t<div class=\"elementor-element elementor-element-d83fc99 elementor-widget elementor-widget-text-editor\" data-id=\"d83fc99\" data-element_type=\"widget\" data-widget_type=\"text-editor.default\">\n\t\t\t\t<div class=\"elementor-widget-container\">\n\t\t\t<style>\/*! elementor - v3.11.5 - 14-03-2023 *\/\n.elementor-widget-text-editor.elementor-drop-cap-view-stacked .elementor-drop-cap{background-color:#818a91;color:#fff}.elementor-widget-text-editor.elementor-drop-cap-view-framed .elementor-drop-cap{color:#818a91;border:3px solid;background-color:transparent}.elementor-widget-text-editor:not(.elementor-drop-cap-view-default) .elementor-drop-cap{margin-top:8px}.elementor-widget-text-editor:not(.elementor-drop-cap-view-default) .elementor-drop-cap-letter{width:1em;height:1em}.elementor-widget-text-editor .elementor-drop-cap{float:left;text-align:center;line-height:1;font-size:50px}.elementor-widget-text-editor .elementor-drop-cap-letter{display:inline-block}<\/style>\t\t\t\t<p><img loading=\"lazy\" decoding=\"async\" class=\"alignleft wp-image-3540\" src=\"https:\/\/www.galeriedil.fr\/wp-content\/uploads\/2021\/12\/5705-e1639558141761.jpg\" alt=\"hans hartung\" width=\"400\" height=\"561\" srcset=\"https:\/\/www.galeriedil.fr\/wp-content\/uploads\/2021\/12\/5705-e1639558141761.jpg 471w, https:\/\/www.galeriedil.fr\/wp-content\/uploads\/2021\/12\/5705-e1639558141761-214x300.jpg 214w\" sizes=\"auto, (max-width: 400px) 100vw, 400px\" \/>La derni\u00e8re r\u00e9trospective dans un mus\u00e9e fran\u00e7ais datant de 1969, il \u00e9tait important de redonner \u00e0 Hans Hartung (1904-1989) toute la visibilit\u00e9 qu\u2019il m\u00e9rite. L&rsquo;exposition Hans Hartung: la fabrique du geste porte un nouveau regard sur l\u2019ensemble de l\u2019oeuvre de cet artiste majeur du XXe si\u00e8cle et sur son r\u00f4le essentiel dans l\u2019histoire de l\u2019art. Hans Hartung fut un pr\u00e9curseur de l\u2019une des inventions artistiques les plus marquantes de son temps : l\u2019abstraction.<\/p><p>Acteur d\u2019un si\u00e8cle de peinture, qu\u2019il traverse avec une soif de libert\u00e9 \u00e0 la mesure des ph\u00e9nom\u00e8nes qui viennent l\u2019entraver jamais, il ne cessera de peindre. Ainsi sont art perdurera malgr\u00e9 la mont\u00e9e du fascisme dans son pays d\u2019origine l&rsquo;Allemagne et la pr\u00e9carit\u00e9 de l\u2019apr\u00e8s-guerre en France et ses cons\u00e9quences physiques et morales.\u00a0<\/p><p>Le parcours de la r\u00e9trospective comprend une s\u00e9lection resserr\u00e9e d\u2019environ trois cent oeuvres. Celles-ci proviennent de collections publiques et particuli\u00e8res fran\u00e7aises et internationales et pour une grande part de la <strong>Fondation Hartung-Bergman<\/strong>.\u00a0<\/p><p>Aujourd\u2019hui, c\u2019est une d\u00e9ferlante : le march\u00e9 de l\u2019art et les historiens des mus\u00e9es s\u2019int\u00e9ressent \u00e0 nouveau \u00e0\u00a0<strong>Hans Hartung<\/strong>, comme \u00e0 d\u2019autres artistes c\u00e9l\u00e9br\u00e9s dans les ann\u00e9es 1950 \u2013\u00a0<strong>Serge Poliakoff,\u00a0Georges Mathieu,\u00a0<a href=\"https:\/\/www.galeriedil.fr\/en\/bernard-buffet-ses-oeuvres\/\">Bernard Buffet<\/a><\/strong><\/p><h2>La fabrique du geste, Hans Hartung<\/h2>\t\t\t\t\t\t<\/div>\n\t\t\t\t<\/div>\n\t\t\t\t<div class=\"elementor-element elementor-element-ca8fac9 elementor-blockquote--skin-quotation elementor-blockquote--button-color-official elementor-widget elementor-widget-blockquote\" data-id=\"ca8fac9\" data-element_type=\"widget\" data-widget_type=\"blockquote.default\">\n\t\t\t\t<div class=\"elementor-widget-container\">\n\t\t\t<style>\/*! elementor-pro - v3.11.7 - 22-03-2023 *\/\n@charset \"UTF-8\";.entry-content blockquote.elementor-blockquote:not(.alignright):not(.alignleft),.entry-summary blockquote.elementor-blockquote{margin-right:0;margin-left:0}.elementor-widget-blockquote blockquote{margin:0;padding:0;outline:0;font-size:100%;vertical-align:baseline;background:transparent;quotes:none;border:0;font-style:normal;color:#55595c}.elementor-widget-blockquote blockquote .e-q-footer:after,.elementor-widget-blockquote blockquote .e-q-footer:before,.elementor-widget-blockquote blockquote:after,.elementor-widget-blockquote blockquote:before,.elementor-widget-blockquote blockquote cite:after,.elementor-widget-blockquote blockquote cite:before{content:none}.elementor-blockquote{transition:.3s}.elementor-blockquote__author,.elementor-blockquote__content{margin-bottom:0;font-style:normal}.elementor-blockquote__author{font-weight:700}.elementor-blockquote .e-q-footer{margin-top:12px;display:flex;justify-content:space-between}.elementor-blockquote__tweet-button{display:flex;transition:.3s;color:#1da1f2;align-self:flex-end;line-height:1;position:relative;width:-moz-max-content;width:max-content}.elementor-blockquote__tweet-button:hover{color:#0967a0}.elementor-blockquote__tweet-button span{font-weight:600}.elementor-blockquote__tweet-button i,.elementor-blockquote__tweet-button span{vertical-align:middle}.elementor-blockquote__tweet-button i+span,.elementor-blockquote__tweet-button svg+span{margin-left:.5em}.elementor-blockquote__tweet-button svg{fill:#1da1f2;height:1em;width:1em}.elementor-blockquote__tweet-label{white-space:pre-wrap}.elementor-blockquote--button-skin-bubble .elementor-blockquote__tweet-button,.elementor-blockquote--button-skin-classic .elementor-blockquote__tweet-button{padding:.7em 1.2em;border-radius:100em;background-color:#1da1f2;color:#fff;font-size:15px}.elementor-blockquote--button-skin-bubble .elementor-blockquote__tweet-button:hover,.elementor-blockquote--button-skin-classic .elementor-blockquote__tweet-button:hover{background-color:#0967a0;color:#fff}.elementor-blockquote--button-skin-bubble .elementor-blockquote__tweet-button:hover:before,.elementor-blockquote--button-skin-classic .elementor-blockquote__tweet-button:hover:before{border-right-color:#0967a0}.elementor-blockquote--button-skin-bubble .elementor-blockquote__tweet-button svg,.elementor-blockquote--button-skin-classic .elementor-blockquote__tweet-button svg{fill:#fff;height:1em;width:1em}.elementor-blockquote--button-skin-bubble.elementor-blockquote--button-view-icon .elementor-blockquote__tweet-button,.elementor-blockquote--button-skin-classic.elementor-blockquote--button-view-icon .elementor-blockquote__tweet-button{padding:0;width:2em;height:2em}.elementor-blockquote--button-skin-bubble.elementor-blockquote--button-view-icon .elementor-blockquote__tweet-button i,.elementor-blockquote--button-skin-classic.elementor-blockquote--button-view-icon .elementor-blockquote__tweet-button i{position:absolute;left:50%;top:50%;transform:translate(-50%,-50%)}.elementor-blockquote--button-skin-bubble .elementor-blockquote__tweet-button:before{content:\"\";border:.5em solid transparent;border-right-color:#1da1f2;position:absolute;left:-.8em;top:50%;transform:translateY(-50%) scaleY(.65);transition:.3s}.elementor-blockquote--button-skin-bubble.elementor-blockquote--align-left .elementor-blockquote__tweet-button:before{right:auto;left:-.8em;border-right-color:#1da1f2;border-left-color:transparent}.elementor-blockquote--button-skin-bubble.elementor-blockquote--align-left .elementor-blockquote__tweet-button:hover:before{border-right-color:#0967a0}.elementor-blockquote--button-skin-bubble.elementor-blockquote--align-right .elementor-blockquote__tweet-button:before{left:auto;right:-.8em;border-right-color:transparent;border-left-color:#1da1f2}.elementor-blockquote--button-skin-bubble.elementor-blockquote--align-right .elementor-blockquote__tweet-button:hover:before{border-left-color:#0967a0}.elementor-blockquote--skin-boxed .elementor-blockquote{background-color:#e6e9ec;padding:30px}.elementor-blockquote--skin-border .elementor-blockquote{border-color:#e6e9ec;border-left:7px #e6e9ec;border-style:solid;padding-left:20px}.elementor-blockquote--skin-quotation .elementor-blockquote:before{content:\"\u201c\";font-size:100px;color:#e6e9ec;font-family:Times New Roman,Times,serif;font-weight:900;line-height:1;display:block;height:.6em}.elementor-blockquote--skin-quotation .elementor-blockquote__content{margin-top:15px}.elementor-blockquote--align-left .elementor-blockquote__content{text-align:left}.elementor-blockquote--align-left .elementor-blockquote .e-q-footer{flex-direction:row}.elementor-blockquote--align-right .elementor-blockquote__content{text-align:right}.elementor-blockquote--align-right .elementor-blockquote .e-q-footer{flex-direction:row-reverse}.elementor-blockquote--align-center .elementor-blockquote{text-align:center}.elementor-blockquote--align-center .elementor-blockquote .e-q-footer,.elementor-blockquote--align-center .elementor-blockquote__author{display:block}.elementor-blockquote--align-center .elementor-blockquote__tweet-button{margin-right:auto;margin-left:auto}<\/style>\t\t<blockquote class=\"elementor-blockquote\">\n\t\t\t<p class=\"elementor-blockquote__content\">\n\t\t\t\tJe veux rester libre. D\u2019esprit, de pens\u00e9e, d\u2019action. Ne pas me laisser enfermer, ni par les autres, ni par moi-m\u00eame\t\t\t<\/p>\n\t\t\t\t\t<\/blockquote>\n\t\t\t\t<\/div>\n\t\t\t\t<\/div>\n\t\t\t\t<div class=\"elementor-element elementor-element-d2ec9e4 elementor-widget elementor-widget-text-editor\" data-id=\"d2ec9e4\" data-element_type=\"widget\" data-widget_type=\"text-editor.default\">\n\t\t\t\t<div class=\"elementor-widget-container\">\n\t\t\t\t\t\t\t<p style=\"font-weight: 400;\">\u00c0 l\u2019occasion de sa r\u00e9ouverture apr\u00e8s une ann\u00e9e de travaux de r\u00e9novation, le Mus\u00e9e d\u2019Art moderne invite Hans Hartung. Il est l\u2019un des plus grands artistes du XXe si\u00e8cle. Pourtant il est encore m\u00e9connu du grand public. Incarnant une modernit\u00e9 sans compromis, l\u2019artiste est aussi le pr\u00e9curseur du courant abstractionniste.<\/p><h2>Une r\u00e9trospective importante<\/h2><h3>Un peintre de l&rsquo;abstraction<\/h3><p style=\"font-weight: 300;\">Hans Hartung est n\u00e9 le 21 septembre 1904 \u00e0 Leipzig, en Allemagne. Tr\u00e8s jeune, il cultive des int\u00e9r\u00eats pour la philosophie, l&rsquo;astronomie, la musique et la religion \u00e0 un jeune \u00e2ge avant de se tourner vers la peinture. Il trouve son inspiration au d\u00e9but de sa carri\u00e8re dans les \u0153uvres de Rembrandt van Rijn et Francisco de Goya. \u00c0 seulement 17 ans, Hartung commence \u00e0 exp\u00e9rimenter l&rsquo;abstraction. Il synth\u00e9tise les techniques graphiques de ses mod\u00e8les artistiques tout en \u00e9liminant compl\u00e8tement les \u00e9l\u00e9ments figuratifs.<\/p><p style=\"font-weight: 300;\">L\u2019exposition porte un nouveau regard sur l\u2019ensemble de l\u2019\u0153uvre de cet artiste majeur du XXe si\u00e8cle et sur son r\u00f4le essentiel dans l\u2019histoire de l\u2019art. Hans Hartung fut un pr\u00e9curseur de l\u2019une des inventions artistiques les plus marquantes de son temps : <b>l\u2019abstraction.<\/b><\/p><h3>La lib\u00e9ration du geste<\/h3><p>Hans Hartung\u00a0\u00e9labore une peinture gestuelle, lyrique et \u00e9motionnelle.\u00a0<\/p>\t\t\t\t\t\t<\/div>\n\t\t\t\t<\/div>\n\t\t\t\t<div class=\"elementor-element elementor-element-49ab266 elementor-blockquote--skin-quotation elementor-blockquote--button-color-official elementor-widget elementor-widget-blockquote\" data-id=\"49ab266\" data-element_type=\"widget\" data-widget_type=\"blockquote.default\">\n\t\t\t\t<div class=\"elementor-widget-container\">\n\t\t\t\t\t<blockquote class=\"elementor-blockquote\">\n\t\t\t<p class=\"elementor-blockquote__content\">\n\t\t\t\tSi les aquarelles avaient \u00e9t\u00e9 connues en 1922, elles seraient rest\u00e9es incomprises tant elles \u00e9taient en avance sur son temps \t\t\t<\/p>\n\t\t\t\t\t<\/blockquote>\n\t\t\t\t<\/div>\n\t\t\t\t<\/div>\n\t\t\t\t<div class=\"elementor-element elementor-element-d3fe97e elementor-widget elementor-widget-text-editor\" data-id=\"d3fe97e\" data-element_type=\"widget\" data-widget_type=\"text-editor.default\">\n\t\t\t\t<div class=\"elementor-widget-container\">\n\t\t\t\t\t\t\t<p style=\"font-weight: 300;\">\u00e9crit l\u2019historien de l\u2019art allemand Will Grohmann au sujet des peintures <i>Jaune, Rouge et Bleu<\/i> de Hartung. <i>Jaune, Rouge et Bleu<\/i> correspond \u00e0 une s\u00e9rie d\u2019une soixantaine d\u2019aquarelles r\u00e9alis\u00e9es en 1922. Cette expression artistique spontan\u00e9e rev\u00eat la forme d\u2019une explosion de t\u00e2ches libres, color\u00e9es et solaires qui se confondent et se diluent.<\/p><p style=\"font-weight: 300;\">Ce passionn\u00e9 de math\u00e9matiques \u00e9labore cependant des \u0153uvres <b>de mani\u00e8re rationnelle<\/b>. Des ann\u00e9es 30 \u00e0 la fin des ann\u00e9es 50, il r\u00e9alise d&rsquo;abord des \u0153uvres de petit format, ex\u00e9cut\u00e9es spontan\u00e9ment sur papier.\u00a0<\/p><p style=\"font-weight: 300;\">Par la suite, il cr\u00e9e le tableau en posant une grille et en agrandissant le papier de petit format sur une toile, en se r\u00e9f\u00e9rant point par point. Les ann\u00e9es 60 marquent \u00e9galement un tournant. Hartung arr\u00eate de travailler en reproduisant des petits formats, mais entre dans une recherche patiente <b>d&rsquo;innovation technologique<\/b>.<\/p><h2 style=\"font-weight: 300;\"><strong>Un peintre traversant l&rsquo;histoire<\/strong><\/h2><h3>Un voyage dans l&rsquo;histoire<\/h3><p style=\"font-weight: 300;\">Hartung est confront\u00e9 \u00e0 la r\u00e9alit\u00e9 de l\u2019histoire de son temps. Contraint d\u2019interrompre sa carri\u00e8re pendant la seconde guerre mondiale, son engagement dans la L\u00e9gion Etrang\u00e8re aupr\u00e8s de la France contre l\u2019Allemagne lui laissera des s\u00e9quelles physiques importantes\u00a0: il perd une jambe \u00e0 la bataille de Belfort en 1944.<\/p><p style=\"font-weight: 300;\">Sa conduite au combat lui vaudra la m\u00e9daille militaire. Sa blessure aura en outre un impact d\u00e9terminant sur la suite de son \u0153uvre. Comme le souligne l\u2019artiste Jacques Villegl\u00e9, qui l\u2019exprime dans le catalogue de l\u2019exposition :<\/p>\t\t\t\t\t\t<\/div>\n\t\t\t\t<\/div>\n\t\t\t\t<div class=\"elementor-element elementor-element-7517545 elementor-blockquote--skin-quotation elementor-blockquote--button-color-official elementor-widget elementor-widget-blockquote\" data-id=\"7517545\" data-element_type=\"widget\" data-widget_type=\"blockquote.default\">\n\t\t\t\t<div class=\"elementor-widget-container\">\n\t\t\t\t\t<blockquote class=\"elementor-blockquote\">\n\t\t\t<p class=\"elementor-blockquote__content\">\n\t\t\t\tLa gestualit\u00e9 exige de la souplesse. Hartung a d\u00fb penser son m\u00e9tier, le penser vraiment, r\u00e9fl\u00e9chir \u00e0 ses outils et les r\u00e9inventer en permanence pour conduire une \u0153uvre sans cesse changeante. Son handicap en a fait un artiste plus r\u00e9fl\u00e9chi que les autres. \t\t\t<\/p>\n\t\t\t\t\t<\/blockquote>\n\t\t\t\t<\/div>\n\t\t\t\t<\/div>\n\t\t\t\t<div class=\"elementor-element elementor-element-c9d6c64 elementor-widget elementor-widget-text-editor\" data-id=\"c9d6c64\" data-element_type=\"widget\" data-widget_type=\"text-editor.default\">\n\t\t\t\t<div class=\"elementor-widget-container\">\n\t\t\t\t\t\t\t<h3 style=\"font-weight: 300;\"><strong>Une fin de vie prolifique<\/strong><\/h3><p style=\"font-weight: 300;\">Paradoxalement, c\u2019est \u00e0 la fin de sa vie, alors qu\u2019il \u00e9prouve les plus grandes difficult\u00e9s \u00e0 se d\u00e9placer, qu\u2019Hartung lib\u00e8re compl\u00e8tement son expression picturale. Il peint alors des formats gigantesques, frappants ses \u0153uvres \u00e0 coups de balais de gen\u00eats ou en les pulv\u00e9risant au moyen d\u2019une tyrolienne.<\/p><p style=\"font-weight: 300;\">Dans les derni\u00e8res ann\u00e9es de sa vie, Hartung peint presque un tableau par jour. Il meurt en 1989 \u00e0 85 ans, trois semaines apr\u00e8s avoir peint son ultime \u0153uvre.<\/p>\t\t\t\t\t\t<\/div>\n\t\t\t\t<\/div>\n\t\t\t\t\t<\/div>\n\t\t<\/div>\n\t\t\t\t\t\t\t<\/div>\n\t\t<\/section>\n\t\t\t\t<section class=\"elementor-section elementor-top-section elementor-element elementor-element-1d999f15 ct-section-stretched elementor-section-full_width elementor-section-height-min-height elementor-hidden-mobile elementor-section-height-default elementor-section-items-middle\" data-id=\"1d999f15\" data-element_type=\"section\" data-settings=\"{&quot;background_background&quot;:&quot;classic&quot;}\">\n\t\t\t\t\t\t\t<div class=\"elementor-background-overlay\"><\/div>\n\t\t\t\t\t\t\t<div class=\"elementor-container elementor-column-gap-default\">\n\t\t\t\t\t<div class=\"elementor-column elementor-col-100 elementor-top-column elementor-element elementor-element-19cda459\" data-id=\"19cda459\" data-element_type=\"column\" data-settings=\"{&quot;background_background&quot;:&quot;classic&quot;}\">\n\t\t\t<div class=\"elementor-widget-wrap elementor-element-populated\">\n\t\t\t\t\t\t\t\t<div class=\"elementor-element elementor-element-c78445f elementor-widget elementor-widget-heading\" data-id=\"c78445f\" data-element_type=\"widget\" data-widget_type=\"heading.default\">\n\t\t\t\t<div class=\"elementor-widget-container\">\n\t\t\t<style>\/*! elementor - v3.11.5 - 14-03-2023 *\/\n.elementor-heading-title{padding:0;margin:0;line-height:1}.elementor-widget-heading .elementor-heading-title[class*=elementor-size-]>a{color:inherit;font-size:inherit;line-height:inherit}.elementor-widget-heading .elementor-heading-title.elementor-size-small{font-size:15px}.elementor-widget-heading .elementor-heading-title.elementor-size-medium{font-size:19px}.elementor-widget-heading .elementor-heading-title.elementor-size-large{font-size:29px}.elementor-widget-heading .elementor-heading-title.elementor-size-xl{font-size:39px}.elementor-widget-heading .elementor-heading-title.elementor-size-xxl{font-size:59px}<\/style><h2 class=\"elementor-heading-title elementor-size-default\">Infos pratiques<\/h2>\t\t<\/div>\n\t\t\t\t<\/div>\n\t\t\t\t<section class=\"elementor-section elementor-inner-section elementor-element elementor-element-6f5246c elementor-section-boxed elementor-section-height-default elementor-section-height-default\" data-id=\"6f5246c\" data-element_type=\"section\">\n\t\t\t\t\t\t<div class=\"elementor-container elementor-column-gap-default\">\n\t\t\t\t\t<div class=\"elementor-column elementor-col-50 elementor-inner-column elementor-element elementor-element-86d1c3c\" data-id=\"86d1c3c\" data-element_type=\"column\">\n\t\t\t<div class=\"elementor-widget-wrap elementor-element-populated\">\n\t\t\t\t\t\t\t\t<div class=\"elementor-element elementor-element-9eec73f elementor-icon-list--layout-traditional elementor-list-item-link-full_width elementor-widget elementor-widget-icon-list\" data-id=\"9eec73f\" data-element_type=\"widget\" data-widget_type=\"icon-list.default\">\n\t\t\t\t<div class=\"elementor-widget-container\">\n\t\t\t<link rel=\"stylesheet\" href=\"https:\/\/www.galeriedil.fr\/wp-content\/plugins\/elementor\/assets\/css\/widget-icon-list.min.css\">\t\t<ul class=\"elementor-icon-list-items\">\n\t\t\t\t\t\t\t<li class=\"elementor-icon-list-item\">\n\t\t\t\t\t\t\t\t\t\t<span class=\"elementor-icon-list-text\">Dates<\/span>\n\t\t\t\t\t\t\t\t\t<\/li>\n\t\t\t\t\t\t\t\t<li class=\"elementor-icon-list-item\">\n\t\t\t\t\t\t\t\t\t\t<span class=\"elementor-icon-list-text\">Lieu<\/span>\n\t\t\t\t\t\t\t\t\t<\/li>\n\t\t\t\t\t\t\t\t<li class=\"elementor-icon-list-item\">\n\t\t\t\t\t\t\t\t\t\t<span class=\"elementor-icon-list-text\">Mardi-Dimanche<br>Jeudi<\/span>\n\t\t\t\t\t\t\t\t\t<\/li>\n\t\t\t\t\t\t<\/ul>\n\t\t\t\t<\/div>\n\t\t\t\t<\/div>\n\t\t\t\t\t<\/div>\n\t\t<\/div>\n\t\t\t\t<div class=\"elementor-column elementor-col-50 elementor-inner-column elementor-element elementor-element-e541221\" data-id=\"e541221\" data-element_type=\"column\">\n\t\t\t<div class=\"elementor-widget-wrap elementor-element-populated\">\n\t\t\t\t\t\t\t\t<div class=\"elementor-element elementor-element-9f45ec7 elementor-icon-list--layout-traditional elementor-list-item-link-full_width elementor-widget elementor-widget-icon-list\" data-id=\"9f45ec7\" data-element_type=\"widget\" data-widget_type=\"icon-list.default\">\n\t\t\t\t<div class=\"elementor-widget-container\">\n\t\t\t\t\t<ul class=\"elementor-icon-list-items\">\n\t\t\t\t\t\t\t<li class=\"elementor-icon-list-item\">\n\t\t\t\t\t\t\t\t\t\t<span class=\"elementor-icon-list-text\">11 Octobre 2019 - 1er mars 2020<\/span>\n\t\t\t\t\t\t\t\t\t<\/li>\n\t\t\t\t\t\t\t\t<li class=\"elementor-icon-list-item\">\n\t\t\t\t\t\t\t\t\t\t<span class=\"elementor-icon-list-text\">Mus\u00e9e d'Art Moderne<br>11 avenue du pr\u00e9sident Wilson 75116 Paris<\/span>\n\t\t\t\t\t\t\t\t\t<\/li>\n\t\t\t\t\t\t\t\t<li class=\"elementor-icon-list-item\">\n\t\t\t\t\t\t\t\t\t\t<span class=\"elementor-icon-list-text\">10h-18h<br>10h-22h<\/span>\n\t\t\t\t\t\t\t\t\t<\/li>\n\t\t\t\t\t\t<\/ul>\n\t\t\t\t<\/div>\n\t\t\t\t<\/div>\n\t\t\t\t\t<\/div>\n\t\t<\/div>\n\t\t\t\t\t\t\t<\/div>\n\t\t<\/section>\n\t\t\t\t<div class=\"elementor-element elementor-element-ff2ce2f elementor-align-center elementor-widget elementor-widget-button\" data-id=\"ff2ce2f\" data-element_type=\"widget\" data-widget_type=\"button.default\">\n\t\t\t\t<div class=\"elementor-widget-container\">\n\t\t\t\t\t<div class=\"elementor-button-wrapper\">\n\t\t\t<a href=\"https:\/\/www.mam.paris.fr\/fr\/expositions\/exposition-hans-hartung\" class=\"elementor-button-link elementor-button elementor-size-sm\" role=\"button\">\n\t\t\t\t\t\t<span class=\"elementor-button-content-wrapper\">\n\t\t\t\t\t\t<span class=\"elementor-button-text\">Find out more<\/span>\n\t\t<\/span>\n\t\t\t\t\t<\/a>\n\t\t<\/div>\n\t\t\t\t<\/div>\n\t\t\t\t<\/div>\n\t\t\t\t\t<\/div>\n\t\t<\/div>\n\t\t\t\t\t\t\t<\/div>\n\t\t<\/section>\n\t\t\t\t<section class=\"elementor-section elementor-top-section elementor-element elementor-element-8255d7f ct-section-stretched elementor-section-full_width elementor-section-height-min-height elementor-hidden-desktop elementor-hidden-tablet elementor-section-height-default elementor-section-items-middle\" data-id=\"8255d7f\" data-element_type=\"section\" data-settings=\"{&quot;background_background&quot;:&quot;classic&quot;}\">\n\t\t\t\t\t\t\t<div class=\"elementor-background-overlay\"><\/div>\n\t\t\t\t\t\t\t<div class=\"elementor-container elementor-column-gap-default\">\n\t\t\t\t\t<div class=\"elementor-column elementor-col-100 elementor-top-column elementor-element elementor-element-269df17\" data-id=\"269df17\" data-element_type=\"column\" data-settings=\"{&quot;background_background&quot;:&quot;classic&quot;}\">\n\t\t\t<div class=\"elementor-widget-wrap elementor-element-populated\">\n\t\t\t\t\t\t\t\t<div class=\"elementor-element elementor-element-a043b80 elementor-widget elementor-widget-heading\" data-id=\"a043b80\" data-element_type=\"widget\" data-widget_type=\"heading.default\">\n\t\t\t\t<div class=\"elementor-widget-container\">\n\t\t\t<h2 class=\"elementor-heading-title elementor-size-default\">Infos pratiques<\/h2>\t\t<\/div>\n\t\t\t\t<\/div>\n\t\t\t\t<section class=\"elementor-section elementor-inner-section elementor-element elementor-element-30f56d6 elementor-section-boxed elementor-section-height-default elementor-section-height-default\" data-id=\"30f56d6\" data-element_type=\"section\">\n\t\t\t\t\t\t<div class=\"elementor-container elementor-column-gap-default\">\n\t\t\t\t\t<div class=\"elementor-column elementor-col-100 elementor-inner-column elementor-element elementor-element-415717a\" data-id=\"415717a\" data-element_type=\"column\">\n\t\t\t<div class=\"elementor-widget-wrap elementor-element-populated\">\n\t\t\t\t\t\t\t\t<div class=\"elementor-element elementor-element-37b8ce8 elementor-icon-list--layout-traditional elementor-list-item-link-full_width elementor-widget elementor-widget-icon-list\" data-id=\"37b8ce8\" data-element_type=\"widget\" data-widget_type=\"icon-list.default\">\n\t\t\t\t<div class=\"elementor-widget-container\">\n\t\t\t\t\t<ul class=\"elementor-icon-list-items\">\n\t\t\t\t\t\t\t<li class=\"elementor-icon-list-item\">\n\t\t\t\t\t\t\t\t\t\t<span class=\"elementor-icon-list-text\"><b>Dates<\/b> <br> 11 Octobre 2019 - 1er Mars 2020<\/span>\n\t\t\t\t\t\t\t\t\t<\/li>\n\t\t\t\t\t\t\t\t<li class=\"elementor-icon-list-item\">\n\t\t\t\t\t\t\t\t\t\t<span class=\"elementor-icon-list-text\"><b>Lieu<\/b><br>Mus\u00e9e d'Art Moderne 11 avenue du pr\u00e9sident Wilson 75116 Paris<\/span>\n\t\t\t\t\t\t\t\t\t<\/li>\n\t\t\t\t\t\t\t\t<li class=\"elementor-icon-list-item\">\n\t\t\t\t\t\t\t\t\t\t<span class=\"elementor-icon-list-text\"><b>Mardi-Dimanche<\/b> 10h-18h<br><b>Jeudi<\/b> 10h-22h<\/span>\n\t\t\t\t\t\t\t\t\t<\/li>\n\t\t\t\t\t\t<\/ul>\n\t\t\t\t<\/div>\n\t\t\t\t<\/div>\n\t\t\t\t\t<\/div>\n\t\t<\/div>\n\t\t\t\t\t\t\t<\/div>\n\t\t<\/section>\n\t\t\t\t<div class=\"elementor-element elementor-element-922113b elementor-align-center elementor-widget elementor-widget-button\" data-id=\"922113b\" data-element_type=\"widget\" data-widget_type=\"button.default\">\n\t\t\t\t<div class=\"elementor-widget-container\">\n\t\t\t\t\t<div class=\"elementor-button-wrapper\">\n\t\t\t<a href=\"https:\/\/www.mam.paris.fr\/fr\/expositions\/exposition-hans-hartung\" class=\"elementor-button-link elementor-button elementor-size-sm\" role=\"button\">\n\t\t\t\t\t\t<span class=\"elementor-button-content-wrapper\">\n\t\t\t\t\t\t<span class=\"elementor-button-text\">Find out more<\/span>\n\t\t<\/span>\n\t\t\t\t\t<\/a>\n\t\t<\/div>\n\t\t\t\t<\/div>\n\t\t\t\t<\/div>\n\t\t\t\t\t<\/div>\n\t\t<\/div>\n\t\t\t\t\t\t\t<\/div>\n\t\t<\/section>\n\t\t\t\t\t\t\t<\/div>","protected":false},"excerpt":{"rendered":"<p>La derni\u00e8re r\u00e9trospective dans un mus\u00e9e fran\u00e7ais datant de 1969, il \u00e9tait important de redonner \u00e0 Hans Hartung (1904-1989) toute la visibilit\u00e9 qu\u2019il m\u00e9rite. L&rsquo;exposition Hans Hartung: la fabrique du geste porte un nouveau regard sur l\u2019ensemble de l\u2019oeuvre de cet artiste majeur du XXe si\u00e8cle et sur son r\u00f4le essentiel dans l\u2019histoire de l\u2019art. Hans Hartung fut un pr\u00e9curseur de l\u2019une des inventions artistiques les plus marquantes de son temps : l\u2019abstraction. Acteur d\u2019un si\u00e8cle de peinture, qu\u2019il traverse avec une soif de libert\u00e9 \u00e0 la mesure des ph\u00e9nom\u00e8nes qui viennent l\u2019entraver jamais, il ne cessera de peindre. Ainsi\u2026<\/p>","protected":false},"author":1,"featured_media":3540,"comment_status":"open","ping_status":"open","sticky":false,"template":"","format":"standard","meta":{"footnotes":""},"categories":[30],"tags":[],"class_list":["post-3908","post","type-post","status-publish","format-standard","has-post-thumbnail","hentry","category-trends"],"blocksy_meta":{"post_title_panel":"","has_hero_section":"enabled","ebf38a37a7210e8b2eae1c5591996d46":"","hero_section":"type-2","hero_alignment1":"left","hero_alignment2":"center","hero_height":{"0":"2","1":"3","2":"0","3":"p","4":"x","desktop":"500px","tablet":"500px","mobile":"500px","__changed":[]},"page_title_bg_type":"custom_image","custom_hero_background":{"attachment_id":3541,"url":"https:\/\/www.galeriedil.fr\/wp-content\/uploads\/2021\/12\/muse\u0301e-art-moderne-paris-1024x640.jpeg"},"parallax":{"desktop":true,"tablet":false,"mobile":false},"50b5de3a778be56786a9251e46da72fb":"","single_meta_elements":{"author":true,"date":true,"categories":true,"comments":true,"updated":false,"tags":false},"has_meta_label":"yes","has_meta_avatar":"yes","date_format_source":"custom","single_meta_date_format":"M j, Y","2a577f849475c33a4c1a0d3c4073d87d":"","page_excerpt_visibility":{"desktop":true,"tablet":true,"mobile":false},"pageTitleFont":{"family":"Default","variation":"Default","size":{"desktop":"32px","tablet":"30px","mobile":"25px"},"line-height":"1.3","letter-spacing":"CT_CSS_SKIP_RULE","text-transform":"CT_CSS_SKIP_RULE","text-decoration":"CT_CSS_SKIP_RULE"},"pageTitleFontColor":{"default":{"color":"var(--paletteColor5)"}},"pageMetaFont":{"family":"Default","variation":"n6","size":{"desktop":"12px","tablet":"12px","mobile":"12px"},"line-height":"1.3","letter-spacing":"CT_CSS_SKIP_RULE","text-transform":"uppercase","text-decoration":"CT_CSS_SKIP_RULE"},"pageMetaFontColor":{"default":{"color":"var(--paletteColor5)"},"hover":{"color":"CT_CSS_SKIP_RULEDEFAULT"}},"pageExcerptFont":{"family":"Default","variation":"n5","size":"CT_CSS_SKIP_RULE","line-height":"CT_CSS_SKIP_RULE","letter-spacing":"CT_CSS_SKIP_RULE","text-transform":"CT_CSS_SKIP_RULE","text-decoration":"CT_CSS_SKIP_RULE"},"pageExcerptColor":{"default":{"color":"var(--paletteColor5)"}},"pageTitleOverlay":{"background_type":"color","background_pattern":"type-1","background_image":{"attachment_id":null,"x":0,"y":0},"gradient":"linear-gradient(135deg,rgba(6,147,227,1) 0%,rgb(155,81,224) 100%)","background_repeat":"repeat","background_size":"auto","background_attachment":"scroll","patternColor":{"default":{"color":"#e5e7ea"}},"overlayColor":{"default":{"color":"CT_CSS_SKIP_RULE"}},"backgroundColor":{"default":{"color":"CT_CSS_SKIP_RULE"}},"default":{"color":"rgba(37,47,56,0.8)"}},"pageTitleBackground":{"background_type":"color","background_pattern":"type-1","background_image":{"attachment_id":null,"x":0,"y":0},"gradient":"linear-gradient(135deg,rgba(6,147,227,1) 0%,rgb(155,81,224) 100%)","background_repeat":"repeat","background_size":"auto","background_attachment":"scroll","patternColor":{"default":{"color":"#e5e7ea"}},"overlayColor":{"default":{"color":"CT_CSS_SKIP_RULE"}},"backgroundColor":{"default":{"color":"var(--paletteColor6)"}},"default":{"color":"#EDEFF2"}},"c7764fac98af92c6a5c27222beea5c37":"","page_structure_type":"default","page_enable_vertical_spacing":"yes","c76ff6799127d978a93e5d2a2c9b6300":"","disable_featured_image":"no","disable_post_tags":"yes","disable_share_box":"yes","disable_author_box":"yes","disable_posts_navigation":"yes","disable_subscribe_form":"no","028a4db19490dd22f5c3d45e32718e0b":"","disable_related_posts":"yes","37aaf4d2772e9c8c54bf400fbd0b0e1d":"","9a93c94d600aca644e3fbf4dfd03c665":"","41ae1f57ff17b685da862b5df8c7d724":"","1ac3a350f7522e2c588c87303eddcedf":"","80d049fa109fb4d9896a3ae7521bd5bc":"","ed2d5feb9901889785128b6f48c7f315":"","db23e64adc959dbe488395a955a49bb0":"","c9e2b4e094f3311336b240209f013c85":"","8da7ee5ad8fd258e74f67da6e47b6a3c":"","11a1e44498a4ec227933f7ebd033edc1":"","59ae0c00a36d594cfa01df81ad9e0d8b":"","417296c1eb461c7d76aa9df8f0c8afd9":"","styles_descriptor":{"styles":{"desktop":"[data-prefix=\"single_blog_post\"] .entry-header .page-title {--fontSize:32px;--lineHeight:1.3;--heading-color:var(--paletteColor5);} [data-prefix=\"single_blog_post\"] .entry-header .entry-meta {--fontWeight:600;--textTransform:uppercase;--fontSize:12px;--lineHeight:1.3;--color:var(--paletteColor5);} [data-prefix=\"single_blog_post\"] .entry-header .page-description {--fontWeight:500;--color:var(--paletteColor5);} [data-prefix=\"single_blog_post\"] .hero-section[data-type=\"type-2\"] {--min-height:500px;background-color:var(--paletteColor6);--container-padding:50px 0;}","tablet":"[data-prefix=\"single_blog_post\"] .entry-header .page-title {--fontSize:30px;}","mobile":"[data-prefix=\"single_blog_post\"] .entry-header .page-title {--fontSize:25px;}"},"google_fonts":[],"version":4},"9a8ca06cdc91d413ef9c6e5a2cb91644":"","hero_elements":[{"id":"custom_title","enabled":true,"heading_tag":"h1","title":"Home","__id":"RgourI9Px4ET6mCc_ma8T"},{"id":"custom_description","enabled":false,"description_visibility":{"desktop":true,"tablet":true,"mobile":false},"__id":"4xJcayeWEBCp_oCa1Rva-"},{"id":"custom_meta","enabled":false,"meta_elements":[{"id":"author","enabled":true,"label":"By","has_author_avatar":"yes","avatar_size":25},{"id":"post_date","enabled":true,"label":"On","date_format_source":"default","date_format":"M j, Y"},{"id":"updated_date","enabled":false,"label":"On","date_format_source":"default","date_format":"M j, Y"},{"id":"categories","enabled":true,"label":"In","style":"simple"},{"id":"comments","enabled":true}],"page_meta_elements":{"joined":true,"articles_count":true,"comments":true},"__id":"WAk16ae_XxDUl9rVmaEsG"},{"id":"breadcrumbs","enabled":false,"__id":"Cu5c94TXkAV1Id9WqSMN5"}],"13efe33fec6568a1a34f6888bee0a6c9":"","hero_margin":40,"hero_vertical_alignment":"center","9bd54fe35ad5c33bcbea4a02c7ef0866":"","hero_structure":"narrow","a05b34b439e46ea555bdf16f4aa86205":"","38dfec44c608f2460f9cf3abda822734":"","page_meta_button_type_font_colors":{"default":{"color":"CT_CSS_SKIP_RULEDEFAULT"},"hover":{"color":"CT_CSS_SKIP_RULEDEFAULT"}},"page_meta_button_type_background_colors":{"default":{"color":"CT_CSS_SKIP_RULEDEFAULT"},"hover":{"color":"CT_CSS_SKIP_RULEDEFAULT"}},"breadcrumbsFont":{"family":"Default","variation":"Default","size":"CT_CSS_SKIP_RULE","line-height":"CT_CSS_SKIP_RULE","letter-spacing":"CT_CSS_SKIP_RULE","text-transform":"CT_CSS_SKIP_RULE","text-decoration":"CT_CSS_SKIP_RULE"},"breadcrumbsFontColor":{"default":{"color":"CT_CSS_SKIP_RULEDEFAULT"},"initial":{"color":"CT_CSS_SKIP_RULEDEFAULT"},"hover":{"color":"CT_CSS_SKIP_RULEDEFAULT"}},"pageTitlePadding":{"top":"50px","bottom":"50px","left":"auto","right":"auto","linked":true},"5ba658ac6a94a40cefacacac6653bf47":"","7fa311cd59164f41060dd6fa95560b30":"","content_style_source":"inherit","content_style":"wide","16125a36d57c751775372d83da950151":"","vertical_spacing_source":"inherit","content_area_spacing":"both","background":{"background_type":"color","background_pattern":"type-1","background_image":{"attachment_id":null,"x":0,"y":0},"gradient":"linear-gradient(135deg,rgba(6,147,227,1) 0%,rgb(155,81,224) 100%)","background_repeat":"repeat","background_size":"auto","background_attachment":"scroll","patternColor":{"default":{"color":"#e5e7ea"}},"overlayColor":{"default":{"color":"CT_CSS_SKIP_RULE"}},"backgroundColor":{"default":{"color":"CT_CSS_SKIP_RULE"}}},"content_background":{"background_type":"color","background_pattern":"type-1","background_image":{"attachment_id":null,"x":0,"y":0},"gradient":"linear-gradient(135deg,rgba(6,147,227,1) 0%,rgb(155,81,224) 100%)","background_repeat":"repeat","background_size":"auto","background_attachment":"scroll","patternColor":{"default":{"color":"#e5e7ea"}},"overlayColor":{"default":{"color":"CT_CSS_SKIP_RULE"}},"backgroundColor":{"default":{"color":"var(--paletteColor8)"}}},"content_boxed_shadow":{"inherit":false,"blur":18,"spread":-6,"v_offset":12,"h_offset":0,"inset":false,"enable":true,"color":{"color":"rgba(34, 56, 101, 0.04)"}},"boxed_content_spacing":{"desktop":{"top":"40px","bottom":"40px","left":"40px","right":"40px","linked":true},"tablet":{"top":"35px","bottom":"35px","left":"35px","right":"35px","linked":true},"mobile":{"top":"20px","bottom":"20px","left":"20px","right":"20px","linked":true}},"content_boxed_radius":{"top":"3px","bottom":"3px","left":"3px","right":"3px","linked":true},"8513500c4a93639386b1a604b1b57d34":"","064a44842fc1419116758fc31cde64f3":"","disable_header":"no","disable_footer":"no","06682bc618abeec8fe9dd9290ba4359b":"","f981788394d9e7dbff8a39bea7a5d794":"","d854a6ea5acc4d303284019a4d8f596d":"","6cab2016e938376f4a6cc2e464a18859":"","c65a2d112ca273943c2f40ac085792c1":"","0aa671885ca35629a8d244ed1e03bbce":"","82cc133d4f4ecc333c287ee8eb64edd5":"","4169374270586e9d890498420ed30a73":"","321d12f8c55b7c86f0005b34e3133d25":"","57072c401a59d771d098c51d4ebdcbb5":"","1b570de93b39c72f9f465d8ee2382083":"","061a40abd3f675ed21e306d48f0827b5":"","cfcd14dc23939d676fc4cd960a0078f6":"","108c0797e2d0a663d5a793d393d91ea3":"","03fd79e0d5905f09ab0faf904975f37f":"","69a96c25bb635c698a767b7ea385cba3":"","f081dd5e30c9d2a7401d494b9bf526ef":"","9be3e971bc0b7bcca3936911817b52af":"","2518adc6dfe6e961bba1bc16994069a7":"","a69b9049a7ccd20509a33063bafb6cd3":"","17eb09c8b837f4a0d609f094e405f29b":"","c97c00ddc6c5d76b609e2ac543c7936b":"","e2dc13cab5b69ca1612a8a75049b22e6":"","167fb49735565be89d036c6ec4d86b3a":"","e22464b17017bb219744754e05442fb8":"","0002ad598f6787e06f2c9fde3a898843":"","e1cd0392684aa4db0b102e30616d600b":"","06e4ea808261928a8ae1e1802d05eeff":"","71c56c28825dc894b9591016dc199458":"","4215415e9786ec92c3233a446c89327f":"","529d42db8b2e0ed3a82a04c2ff2fc7ff":"","7d13b73ef3e0d2ae9165a64790e3a1da":"","f9c01e6cc5c1f9578b5d89b14deaa3e2":"","990f122ff5cf1f97ffbe331935f44917":"","4afb6bf51b3d8f25c323fe28a2a44435":"","bc312ae2472f50f828adb5ecc34fee4d":"","79ee2777e59fecfda8b30310a7ea2da7":"","243d1358087af22dc1f3f83cd79912ca":"","b954a5665e4b099c78427957994f4c60":"","cf0c959ecec1579811b4d2f220e09d54":"","0adcf5a08a9406678582859fd800ace1":"","28a9303fd4f1f4e8b84212be813c1dc5":"","1521e1f1e9b0e566c274848b7bc6b9b0":"","0952dc07f0839704091cc4bcaeb4b161":"","c3c941544513c837bfef6941a83e0006":"","fa6bc1015045db5b6d8b865b0fb85c6f":"","22b1a54a8196ee2260a88dedc4333df7":"","522ce575edccb6f2681c8945a6a8df78":"","1a5a5931757b277d8892cf376b564a83":"","e696f2f7031d3472a72c0d1caddfe474":"","c555b0b8eca49ac7b5791271866e552c":"","2587268ae9c8a5d0cbd2751da308ead9":"","01760a561f320c77ab256ac70ca71db7":"","ff50d629467fd2bd1475d715c9362b9d":"","b7150b016111c364e6fda663ef41cae4":"","7b7c7576015bc3b355e7a8a57bbb1768":"","61fbc0e387a522c78475c0fa8d5e8e00":"","af601fbf5e0a525967457878c07c6f6f":"","e680c0cb95cf3b896a4b9fc1fb56a7c9":"","94491204abbf9acc927c9ab33372f8e7":"","c5388981b368b057c76eddfa8f9c870b":"","09c62a5f8b736045960a6085a3fe07b6":"","b23788bb54c12804d3f6d784a2096d52":"","d013a2f76bae53091d56206b77b7b3ca":"","1efd9de91994dcd6610be3074a2fd104":"","364f3bb943bbac6bbec4654e46c6f4dc":"","73951c684cb5041319605419a536a751":"","5e6c9ace2dec85d5cc66482eb69a3d64":"","4ac5730d5cb18844085174200b4d6131":"","c447f5b288350ce6a45596f392816de3":"","4e9538f5e2a405f61d24da01e1c24fdb":"","08318e6f8f1c6e9d57db4b51f6d33ca1":"","3e1901fbcae2648920c1c470f099a838":"","243d3da298ea81e3cc9bf85a8f56a2aa":"","0dacbd881e3c23377d046c7ecbe982bf":"","90b3ba554e944ed9b4ad3fa555b53864":"","8d939b28f6bff19f470e6a9c78c0659c":"","abb3e84fcc14ad6103e1c0c49f8b28ef":"","9f245228900049c81c511daa0fdcb093":"","b05ab0ecc99ad3cd2c89551435f6a6f1":"","25857f718407859a326e8d23066c4705":"","42c471e3ad403a2c6a82a3b6dec54ae4":"","bea12eb42c1d3430a5fa03f2ff91febc":"","ff4ab1d90722b816981651fded8abf81":"","fe1bdbb460ec9b34af0d990c5cc92e2b":"","5a5d31676864ff6de90781d3e260d336":"","87c91bc6a7d076ac7ae496d2bf4e3e10":"","1c56b4ce33cbae4bb6f0ed09bd7bfda4":"","1024562945f0781a0e98a0f3a2645a3d":"","94e80ba93df77b6cc0c6e446de4f46e7":"","871ee612bcb8a5e4e75ffab187a4b484":"","196f760aed786f9997cd146667d02469":"","41e51d7a37bc00524b8fcdbcca26be46":"","b1f886fd5483c7b7ffef0b16eeea7dfe":"","7aab5866328f8720f4e407b3adb6c59f":"","698e6117374696a1eb8f131b0c30c0bc":"","3fc935fcaa3cdb169ec8d26281c3ee25":"","156683cd019aac9cac13c0d69ada117f":"","ce7c03a0ffec0c61b1e53a146a2958cd":"","d0fa51168f355c523748682785253719":"","3868b96f19600f771fb59c1181873815":"","bae199cfa80ebff83a06ca34efb0138b":"","596bb6529f31a503df8a16fef0282fba":"","34e892c9b8bc46a3920a54a9fbafa82c":"","54d7ae1930c43596c2146639a27dc34f":"","a54841af97829eb2ecd8c776f48ad607":"","6dc3f99aef5f2c6c3a68fea76ff13a90":"","70c085df96e66e7db750c324d2212eb9":"","40ec0463ecc1a898c99df4ec5e44b692":"","8086fdecaac42ca322ed57bc5b4d83e4":"","9f66e7bed8b8ebeb376737883595f527":"","b170c0b286466733d74ac82668f077f1":"","f9568c3f14544755acd05c603d13326e":"","d7a6443176de97f0808411418bc43871":"","f45034b009bab634d6e698818b80ac2d":"","186b0aa90ff33830ee159208e235812a":"","0ce469d6317a4bec44d95ca94163136a":"","506a0ef8bbcc716b80ddf291c3dd3b40":"","23f1ef79c351ff5c26ecefcb87346f14":"","54d6f3a3e68aca82c9128f3f7a0fa010":""},"featured_image_urls":{"full":["https:\/\/www.galeriedil.fr\/wp-content\/uploads\/2021\/12\/5705-e1639558141761.jpg",471,660,false],"thumbnail":["https:\/\/www.galeriedil.fr\/wp-content\/uploads\/2021\/12\/5705-e1639558141761-150x150.jpg",150,150,true],"medium":["https:\/\/www.galeriedil.fr\/wp-content\/uploads\/2021\/12\/5705-e1639558141761-214x300.jpg",214,300,true],"medium_large":["https:\/\/www.galeriedil.fr\/wp-content\/uploads\/2021\/12\/5705-768x528.jpg",768,528,true],"large":["https:\/\/www.galeriedil.fr\/wp-content\/uploads\/2021\/12\/5705-e1639558141761.jpg",471,660,false],"1536x1536":["https:\/\/www.galeriedil.fr\/wp-content\/uploads\/2021\/12\/5705-e1639558141761.jpg",471,660,false],"2048x2048":["https:\/\/www.galeriedil.fr\/wp-content\/uploads\/2021\/12\/5705-e1639558141761.jpg",471,660,false],"trp-custom-language-flag":["https:\/\/www.galeriedil.fr\/wp-content\/uploads\/2021\/12\/5705-e1639558141761.jpg",9,12,false]},"post_excerpt_stackable":"<p>La derni\u00e8re r\u00e9trospective dans un mus\u00e9e fran\u00e7ais datant de 1969, il \u00e9tait important de redonner \u00e0 Hans Hartung (1904-1989) toute la visibilit\u00e9 qu\u2019il m\u00e9rite. L&rsquo;exposition Hans Hartung: la fabrique du geste porte un nouveau regard sur l\u2019ensemble de l\u2019oeuvre de cet artiste majeur du XXe si\u00e8cle et sur son r\u00f4le essentiel dans l\u2019histoire de l\u2019art. Hans Hartung fut un pr\u00e9curseur de l\u2019une des inventions artistiques les plus marquantes de son temps : l\u2019abstraction.Acteur d\u2019un si\u00e8cle de peinture, qu\u2019il traverse avec une soif de libert\u00e9 \u00e0 la mesure des ph\u00e9nom\u00e8nes qui viennent l\u2019entraver jamais, il ne cessera de peindre. Ainsi sont&hellip;<\/p>\n","category_list":"<a href=\"https:\/\/www.galeriedil.fr\/en\/category\/trends\/\" rel=\"category tag\">Trends<\/a>","author_info":{"name":"MathieuMontfort","url":"https:\/\/www.galeriedil.fr\/en\/author\/mathieumontfort\/"},"comments_num":"0 comments","yoast_head":"<!-- This site is optimized with the Yoast SEO plugin v20.4 - https:\/\/yoast.com\/wordpress\/plugins\/seo\/ -->\n<title>Exposition Hans Hartung : La fabrique du geste - Galerie DIL<\/title>\n<meta name=\"description\" content=\"Le mus\u00e9e d&#039;Art moderne de Paris vous propose une exposition sur Hans Hartung, acteur majeur de l&#039;histoire de l&#039;art du XX\u00e8me si\u00e8cle.\" \/>\n<meta name=\"robots\" content=\"index, follow, max-snippet:-1, max-image-preview:large, max-video-preview:-1\" \/>\n<link rel=\"canonical\" href=\"https:\/\/www.galeriedil.fr\/en\/2019\/10\/29\/exposition-hans-hartung\/\" \/>\n<meta property=\"og:locale\" content=\"en_GB\" \/>\n<meta property=\"og:type\" content=\"article\" \/>\n<meta property=\"og:title\" content=\"Exposition Hans Hartung : La fabrique du geste - Galerie DIL\" \/>\n<meta property=\"og:description\" content=\"Le mus\u00e9e d&#039;Art moderne de Paris vous propose une exposition sur Hans Hartung, acteur majeur de l&#039;histoire de l&#039;art du XX\u00e8me si\u00e8cle.\" \/>\n<meta property=\"og:url\" content=\"https:\/\/www.galeriedil.fr\/en\/2019\/10\/29\/exposition-hans-hartung\/\" \/>\n<meta property=\"og:site_name\" content=\"Galerie DIL\" \/>\n<meta property=\"article:published_time\" content=\"2019-10-29T08:47:25+00:00\" \/>\n<meta property=\"article:modified_time\" content=\"2021-12-22T19:25:18+00:00\" \/>\n<meta property=\"og:image\" content=\"https:\/\/www.galeriedil.fr\/wp-content\/uploads\/2021\/12\/5705-e1639558141761.jpg\" \/>\n\t<meta property=\"og:image:width\" content=\"471\" \/>\n\t<meta property=\"og:image:height\" content=\"660\" \/>\n\t<meta property=\"og:image:type\" content=\"image\/jpeg\" \/>\n<meta name=\"author\" content=\"MathieuMontfort\" \/>\n<meta name=\"twitter:card\" content=\"summary_large_image\" \/>\n<meta name=\"twitter:label1\" content=\"Written by\" \/>\n\t<meta name=\"twitter:data1\" content=\"MathieuMontfort\" \/>\n\t<meta name=\"twitter:label2\" content=\"Estimated reading time\" \/>\n\t<meta name=\"twitter:data2\" content=\"4 minutes\" \/>\n<script type=\"application\/ld+json\" class=\"yoast-schema-graph\">{\"@context\":\"https:\/\/schema.org\",\"@graph\":[{\"@type\":\"Article\",\"@id\":\"https:\/\/www.galeriedil.fr\/2019\/10\/29\/exposition-hans-hartung\/#article\",\"isPartOf\":{\"@id\":\"https:\/\/www.galeriedil.fr\/2019\/10\/29\/exposition-hans-hartung\/\"},\"author\":{\"name\":\"MathieuMontfort\",\"@id\":\"https:\/\/www.galeriedil.fr\/#\/schema\/person\/8b1085735b8e40c4599921f258b09359\"},\"headline\":\"Hans Hartung: La fabrique du geste\",\"datePublished\":\"2019-10-29T08:47:25+00:00\",\"dateModified\":\"2021-12-22T19:25:18+00:00\",\"mainEntityOfPage\":{\"@id\":\"https:\/\/www.galeriedil.fr\/2019\/10\/29\/exposition-hans-hartung\/\"},\"wordCount\":965,\"commentCount\":0,\"publisher\":{\"@id\":\"https:\/\/www.galeriedil.fr\/#organization\"},\"articleSection\":[\"Trends\"],\"inLanguage\":\"en-GB\",\"potentialAction\":[{\"@type\":\"CommentAction\",\"name\":\"Comment\",\"target\":[\"https:\/\/www.galeriedil.fr\/2019\/10\/29\/exposition-hans-hartung\/#respond\"]}]},{\"@type\":\"WebPage\",\"@id\":\"https:\/\/www.galeriedil.fr\/2019\/10\/29\/exposition-hans-hartung\/\",\"url\":\"https:\/\/www.galeriedil.fr\/2019\/10\/29\/exposition-hans-hartung\/\",\"name\":\"Exposition Hans Hartung : La fabrique du geste - Galerie DIL\",\"isPartOf\":{\"@id\":\"https:\/\/www.galeriedil.fr\/#website\"},\"datePublished\":\"2019-10-29T08:47:25+00:00\",\"dateModified\":\"2021-12-22T19:25:18+00:00\",\"description\":\"Le mus\u00e9e d'Art moderne de Paris vous propose une exposition sur Hans Hartung, acteur majeur de l'histoire de l'art du XX\u00e8me si\u00e8cle.\",\"breadcrumb\":{\"@id\":\"https:\/\/www.galeriedil.fr\/2019\/10\/29\/exposition-hans-hartung\/#breadcrumb\"},\"inLanguage\":\"en-GB\",\"potentialAction\":[{\"@type\":\"ReadAction\",\"target\":[\"https:\/\/www.galeriedil.fr\/2019\/10\/29\/exposition-hans-hartung\/\"]}]},{\"@type\":\"BreadcrumbList\",\"@id\":\"https:\/\/www.galeriedil.fr\/2019\/10\/29\/exposition-hans-hartung\/#breadcrumb\",\"itemListElement\":[{\"@type\":\"ListItem\",\"position\":1,\"name\":\"Home\",\"item\":\"https:\/\/www.galeriedil.fr\/\"},{\"@type\":\"ListItem\",\"position\":2,\"name\":\"Hans Hartung: La fabrique du geste\"}]},{\"@type\":\"WebSite\",\"@id\":\"https:\/\/www.galeriedil.fr\/#website\",\"url\":\"https:\/\/www.galeriedil.fr\/\",\"name\":\"Galerie DIL\",\"description\":\"Un site utilisant WordPress\",\"publisher\":{\"@id\":\"https:\/\/www.galeriedil.fr\/#organization\"},\"potentialAction\":[{\"@type\":\"SearchAction\",\"target\":{\"@type\":\"EntryPoint\",\"urlTemplate\":\"https:\/\/www.galeriedil.fr\/?s={search_term_string}\"},\"query-input\":\"required name=search_term_string\"}],\"inLanguage\":\"en-GB\"},{\"@type\":\"Organization\",\"@id\":\"https:\/\/www.galeriedil.fr\/#organization\",\"name\":\"Galerie DIL\",\"url\":\"https:\/\/www.galeriedil.fr\/\",\"logo\":{\"@type\":\"ImageObject\",\"inLanguage\":\"en-GB\",\"@id\":\"https:\/\/www.galeriedil.fr\/#\/schema\/logo\/image\/\",\"url\":\"https:\/\/www.galeriedil.fr\/wp-content\/uploads\/2021\/12\/logo-1.png\",\"contentUrl\":\"https:\/\/www.galeriedil.fr\/wp-content\/uploads\/2021\/12\/logo-1.png\",\"width\":408,\"height\":52,\"caption\":\"Galerie DIL\"},\"image\":{\"@id\":\"https:\/\/www.galeriedil.fr\/#\/schema\/logo\/image\/\"}},{\"@type\":\"Person\",\"@id\":\"https:\/\/www.galeriedil.fr\/#\/schema\/person\/8b1085735b8e40c4599921f258b09359\",\"name\":\"MathieuMontfort\",\"image\":{\"@type\":\"ImageObject\",\"inLanguage\":\"en-GB\",\"@id\":\"https:\/\/www.galeriedil.fr\/#\/schema\/person\/image\/\",\"url\":\"https:\/\/secure.gravatar.com\/avatar\/e6681f6b51e0c122e3264311c20fa6ec99939f83cd4d62b937e7d3c942745ada?s=96&d=mm&r=g\",\"contentUrl\":\"https:\/\/secure.gravatar.com\/avatar\/e6681f6b51e0c122e3264311c20fa6ec99939f83cd4d62b937e7d3c942745ada?s=96&d=mm&r=g\",\"caption\":\"MathieuMontfort\"},\"sameAs\":[\"http:\/\/www.galeriedil.fr\"],\"url\":\"https:\/\/www.galeriedil.fr\/en\/author\/mathieumontfort\/\"}]}<\/script>\n<!-- \/ Yoast SEO plugin. -->","yoast_head_json":{"title":"Exposition Hans Hartung : La fabrique du geste - Galerie DIL","description":"Le mus\u00e9e d'Art moderne de Paris vous propose une exposition sur Hans Hartung, acteur majeur de l'histoire de l'art du XX\u00e8me si\u00e8cle.","robots":{"index":"index","follow":"follow","max-snippet":"max-snippet:-1","max-image-preview":"max-image-preview:large","max-video-preview":"max-video-preview:-1"},"canonical":"https:\/\/www.galeriedil.fr\/en\/2019\/10\/29\/exposition-hans-hartung\/","og_locale":"en_GB","og_type":"article","og_title":"Exposition Hans Hartung : La fabrique du geste - Galerie DIL","og_description":"Le mus\u00e9e d'Art moderne de Paris vous propose une exposition sur Hans Hartung, acteur majeur de l'histoire de l'art du XX\u00e8me si\u00e8cle.","og_url":"https:\/\/www.galeriedil.fr\/en\/2019\/10\/29\/exposition-hans-hartung\/","og_site_name":"Galerie DIL","article_published_time":"2019-10-29T08:47:25+00:00","article_modified_time":"2021-12-22T19:25:18+00:00","og_image":[{"width":471,"height":660,"url":"https:\/\/www.galeriedil.fr\/wp-content\/uploads\/2021\/12\/5705-e1639558141761.jpg","type":"image\/jpeg"}],"author":"MathieuMontfort","twitter_card":"summary_large_image","twitter_misc":{"Written by":"MathieuMontfort","Estimated reading time":"4 minutes"},"schema":{"@context":"https:\/\/schema.org","@graph":[{"@type":"Article","@id":"https:\/\/www.galeriedil.fr\/2019\/10\/29\/exposition-hans-hartung\/#article","isPartOf":{"@id":"https:\/\/www.galeriedil.fr\/2019\/10\/29\/exposition-hans-hartung\/"},"author":{"name":"MathieuMontfort","@id":"https:\/\/www.galeriedil.fr\/#\/schema\/person\/8b1085735b8e40c4599921f258b09359"},"headline":"Hans Hartung: La fabrique du geste","datePublished":"2019-10-29T08:47:25+00:00","dateModified":"2021-12-22T19:25:18+00:00","mainEntityOfPage":{"@id":"https:\/\/www.galeriedil.fr\/2019\/10\/29\/exposition-hans-hartung\/"},"wordCount":965,"commentCount":0,"publisher":{"@id":"https:\/\/www.galeriedil.fr\/#organization"},"articleSection":["Trends"],"inLanguage":"en-GB","potentialAction":[{"@type":"CommentAction","name":"Comment","target":["https:\/\/www.galeriedil.fr\/2019\/10\/29\/exposition-hans-hartung\/#respond"]}]},{"@type":"WebPage","@id":"https:\/\/www.galeriedil.fr\/2019\/10\/29\/exposition-hans-hartung\/","url":"https:\/\/www.galeriedil.fr\/2019\/10\/29\/exposition-hans-hartung\/","name":"Exposition Hans Hartung : La fabrique du geste - Galerie DIL","isPartOf":{"@id":"https:\/\/www.galeriedil.fr\/#website"},"datePublished":"2019-10-29T08:47:25+00:00","dateModified":"2021-12-22T19:25:18+00:00","description":"Le mus\u00e9e d'Art moderne de Paris vous propose une exposition sur Hans Hartung, acteur majeur de l'histoire de l'art du XX\u00e8me si\u00e8cle.","breadcrumb":{"@id":"https:\/\/www.galeriedil.fr\/2019\/10\/29\/exposition-hans-hartung\/#breadcrumb"},"inLanguage":"en-GB","potentialAction":[{"@type":"ReadAction","target":["https:\/\/www.galeriedil.fr\/2019\/10\/29\/exposition-hans-hartung\/"]}]},{"@type":"BreadcrumbList","@id":"https:\/\/www.galeriedil.fr\/2019\/10\/29\/exposition-hans-hartung\/#breadcrumb","itemListElement":[{"@type":"ListItem","position":1,"name":"Home","item":"https:\/\/www.galeriedil.fr\/"},{"@type":"ListItem","position":2,"name":"Hans Hartung: La fabrique du geste"}]},{"@type":"WebSite","@id":"https:\/\/www.galeriedil.fr\/#website","url":"https:\/\/www.galeriedil.fr\/","name":"Galerie DIL","description":"Un site utilisant WordPress","publisher":{"@id":"https:\/\/www.galeriedil.fr\/#organization"},"potentialAction":[{"@type":"SearchAction","target":{"@type":"EntryPoint","urlTemplate":"https:\/\/www.galeriedil.fr\/?s={search_term_string}"},"query-input":"required name=search_term_string"}],"inLanguage":"en-GB"},{"@type":"Organization","@id":"https:\/\/www.galeriedil.fr\/#organization","name":"Galerie DIL","url":"https:\/\/www.galeriedil.fr\/","logo":{"@type":"ImageObject","inLanguage":"en-GB","@id":"https:\/\/www.galeriedil.fr\/#\/schema\/logo\/image\/","url":"https:\/\/www.galeriedil.fr\/wp-content\/uploads\/2021\/12\/logo-1.png","contentUrl":"https:\/\/www.galeriedil.fr\/wp-content\/uploads\/2021\/12\/logo-1.png","width":408,"height":52,"caption":"Galerie DIL"},"image":{"@id":"https:\/\/www.galeriedil.fr\/#\/schema\/logo\/image\/"}},{"@type":"Person","@id":"https:\/\/www.galeriedil.fr\/#\/schema\/person\/8b1085735b8e40c4599921f258b09359","name":"MathieuMontfort","image":{"@type":"ImageObject","inLanguage":"en-GB","@id":"https:\/\/www.galeriedil.fr\/#\/schema\/person\/image\/","url":"https:\/\/secure.gravatar.com\/avatar\/e6681f6b51e0c122e3264311c20fa6ec99939f83cd4d62b937e7d3c942745ada?s=96&d=mm&r=g","contentUrl":"https:\/\/secure.gravatar.com\/avatar\/e6681f6b51e0c122e3264311c20fa6ec99939f83cd4d62b937e7d3c942745ada?s=96&d=mm&r=g","caption":"MathieuMontfort"},"sameAs":["http:\/\/www.galeriedil.fr"],"url":"https:\/\/www.galeriedil.fr\/en\/author\/mathieumontfort\/"}]}},"_links":{"self":[{"href":"https:\/\/www.galeriedil.fr\/en\/wp-json\/wp\/v2\/posts\/3908","targetHints":{"allow":["GET"]}}],"collection":[{"href":"https:\/\/www.galeriedil.fr\/en\/wp-json\/wp\/v2\/posts"}],"about":[{"href":"https:\/\/www.galeriedil.fr\/en\/wp-json\/wp\/v2\/types\/post"}],"author":[{"embeddable":true,"href":"https:\/\/www.galeriedil.fr\/en\/wp-json\/wp\/v2\/users\/1"}],"replies":[{"embeddable":true,"href":"https:\/\/www.galeriedil.fr\/en\/wp-json\/wp\/v2\/comments?post=3908"}],"version-history":[{"count":40,"href":"https:\/\/www.galeriedil.fr\/en\/wp-json\/wp\/v2\/posts\/3908\/revisions"}],"predecessor-version":[{"id":5520,"href":"https:\/\/www.galeriedil.fr\/en\/wp-json\/wp\/v2\/posts\/3908\/revisions\/5520"}],"wp:featuredmedia":[{"embeddable":true,"href":"https:\/\/www.galeriedil.fr\/en\/wp-json\/wp\/v2\/media\/3540"}],"wp:attachment":[{"href":"https:\/\/www.galeriedil.fr\/en\/wp-json\/wp\/v2\/media?parent=3908"}],"wp:term":[{"taxonomy":"category","embeddable":true,"href":"https:\/\/www.galeriedil.fr\/en\/wp-json\/wp\/v2\/categories?post=3908"},{"taxonomy":"post_tag","embeddable":true,"href":"https:\/\/www.galeriedil.fr\/en\/wp-json\/wp\/v2\/tags?post=3908"}],"curies":[{"name":"wp","href":"https:\/\/api.w.org\/{rel}","templated":true}]}}